{"id":2555,"date":"2021-08-19T14:20:45","date_gmt":"2021-08-19T12:20:45","guid":{"rendered":"http:\/\/santarestaurant.com\/?p=2555"},"modified":"2026-03-11T18:08:37","modified_gmt":"2026-03-11T17:08:37","slug":"mallorca-zeitung-santa-restaurant","status":"publish","type":"post","link":"https:\/\/santarestaurant.com\/en\/2021\/08\/19\/mallorca-zeitung-santa-restaurant\/","title":{"rendered":"Santa Restaurant en Mallorca Zeitung: La prensa alemana descubre nuestro rinc\u00f3n en Santa Catalina"},"content":{"rendered":"<h2 class=\"wp-block-heading\">Un referente para gourmets internacionales en la calle F\u00e1brica<\/h2>\n\n\n\n<p>Desde nuestra apertura en 2021, <strong>Santa Restaurant &amp; Bodega<\/strong> ha captado la atenci\u00f3n de los paladares m\u00e1s exigentes, traspasando fronteras. La prestigiosa publicaci\u00f3n <strong>Mallorca Zeitung<\/strong> se hizo eco de nuestra propuesta, destacando el \u00abmisterio y la elegancia\u00bb que definen a nuestro local en la emblem\u00e1tica <strong>calle F\u00e1brica<\/strong>.<\/p>\n\n\n\n<p>Aparecer en los medios alemanes de referencia nos consolid\u00f3 como uno de los <strong>Santa Catalina restaurants<\/strong> preferidos por el p\u00fablico europeo que visita Palma. Para la Mallorca Zeitung, la combinaci\u00f3n de la t\u00e9cnica de Bernab\u00e9 Caravotta y nuestra tem\u00e1tica de los siete pecados capitales supuso un soplo de aire fresco en la <strong>gastronom\u00eda de Mallorca<\/strong>.<\/p>\n\n\n\n<h2 class=\"wp-block-heading\">\u00bfD\u00f3nde cenar en Santa Catalina seg\u00fan la cr\u00edtica internacional?<\/h2>\n\n\n\n<p>El art\u00edculo de Mallorca Zeitung resalta aspectos que, a\u00f1os despu\u00e9s, siguen siendo el coraz\u00f3n de <strong>Santa restaurante en Palma<\/strong>:<\/p>\n\n\n\n<ul class=\"wp-block-list\">\n<li><strong>Cocina Experimental:<\/strong> Un men\u00fa dise\u00f1ado para sorprender, donde el producto local se trata con una visi\u00f3n cosmopolita y arriesgada.<\/li>\n\n\n\n<li><strong>Dise\u00f1o y Atm\u00f3sfera:<\/strong> Nuestra bodega oscura y las ic\u00f3nicas manos doradas del techo crean un ambiente que la prensa internacional define como \u00ab\u00fanico y seductor\u00bb.<\/li>\n\n\n\n<li><strong>Ubicaci\u00f3n Premium:<\/strong> Situados en pleno centro de la acci\u00f3n, somos el <strong>restaurante Palma en Santa Catalina<\/strong> ideal para una cena \u00edntima antes de disfrutar de la noche palmesana.<\/li>\n<\/ul>\n\n\n\n<p>Agradecemos a la <strong>Mallorca Zeitung<\/strong> por captar tan bien nuestra esencia desde el principio. Te invitamos a leer la rese\u00f1a completa y, sobre todo, a venir a Santa para comprobar por qu\u00e9 los cr\u00edticos alemanes nos recomiendan como una parada obligatoria en tu visita a la isla.<\/p>\n\n\n\n<div id=\"section-ga8b3dc\" class=\"wp-block-gutentor-e6 section-ga8b3dc gutentor-element gutentor-element-image text-align-center-desktop\"><div class=\"gutentor-element-image-box\"><a class=\"gutentor-element-image-link\"><div class=\"gutentor-image-thumb\"><img decoding=\"async\" class=\"normal-image lazyload\" data-src=\"http:\/\/santarestaurant.com\/wp-content\/uploads\/2023\/04\/Mallorca_Zeitung_destaca_Santa_Restaurant.jpg\" src=\"data:image\/svg+xml;base64,PHN2ZyB3aWR0aD0iMSIgaGVpZ2h0PSIxIiB4bWxucz0iaHR0cDovL3d3dy53My5vcmcvMjAwMC9zdmciPjwvc3ZnPg==\" \/><\/div><\/a><\/div><\/div>","protected":false},"excerpt":{"rendered":"<p>Un referente para gourmets internacionales en la calle F\u00e1brica Desde nuestra apertura en 2021, Santa Restaurant &amp; Bodega ha captado la atenci\u00f3n de los paladares m\u00e1s exigentes, traspasando fronteras. La prestigiosa publicaci\u00f3n Mallorca Zeitung se hizo eco de nuestra propuesta, destacando el \u00abmisterio y la elegancia\u00bb que definen a nuestro local en la emblem\u00e1tica calle [&hellip;]<\/p>\n","protected":false},"author":3,"featured_media":2565,"comment_status":"closed","ping_status":"closed","sticky":false,"template":"","format":"standard","meta":{"footnotes":""},"categories":[64],"tags":[],"class_list":["post-2555","post","type-post","status-publish","format-standard","has-post-thumbnail","hentry","category-apariciones-en-prensa"],"gutentor_comment":0,"_links":{"self":[{"href":"https:\/\/santarestaurant.com\/en\/wp-json\/wp\/v2\/posts\/2555","targetHints":{"allow":["GET"]}}],"collection":[{"href":"https:\/\/santarestaurant.com\/en\/wp-json\/wp\/v2\/posts"}],"about":[{"href":"https:\/\/santarestaurant.com\/en\/wp-json\/wp\/v2\/types\/post"}],"author":[{"embeddable":true,"href":"https:\/\/santarestaurant.com\/en\/wp-json\/wp\/v2\/users\/3"}],"replies":[{"embeddable":true,"href":"https:\/\/santarestaurant.com\/en\/wp-json\/wp\/v2\/comments?post=2555"}],"version-history":[{"count":9,"href":"https:\/\/santarestaurant.com\/en\/wp-json\/wp\/v2\/posts\/2555\/revisions"}],"predecessor-version":[{"id":4181,"href":"https:\/\/santarestaurant.com\/en\/wp-json\/wp\/v2\/posts\/2555\/revisions\/4181"}],"wp:featuredmedia":[{"embeddable":true,"href":"https:\/\/santarestaurant.com\/en\/wp-json\/wp\/v2\/media\/2565"}],"wp:attachment":[{"href":"https:\/\/santarestaurant.com\/en\/wp-json\/wp\/v2\/media?parent=2555"}],"wp:term":[{"taxonomy":"category","embeddable":true,"href":"https:\/\/santarestaurant.com\/en\/wp-json\/wp\/v2\/categories?post=2555"},{"taxonomy":"post_tag","embeddable":true,"href":"https:\/\/santarestaurant.com\/en\/wp-json\/wp\/v2\/tags?post=2555"}],"curies":[{"name":"wp","href":"https:\/\/api.w.org\/{rel}","templated":true}]}}